{"id":1200,"date":"2024-05-15T12:15:13","date_gmt":"2024-05-15T11:15:13","guid":{"rendered":"https:\/\/empleadospublicosenabuso.org\/?p=1200"},"modified":"2024-05-15T12:15:13","modified_gmt":"2024-05-15T11:15:13","slug":"03-02-2024-periodicotwitter-no-83","status":"publish","type":"post","link":"https:\/\/empleadospublicosenabuso.org\/index.php\/2024\/05\/15\/03-02-2024-periodicotwitter-no-83\/","title":{"rendered":"03\/02\/2024 &#8211; #Peri\u00f3dicoTwitter N\u00ba 83:"},"content":{"rendered":"<blockquote class=\"twitter-tweet\" data-width=\"550\" data-dnt=\"true\">\n<p lang=\"es\" dir=\"ltr\">\ud83d\udcaf <a href=\"https:\/\/twitter.com\/hashtag\/FijezaYa?src=hash&amp;ref_src=twsrc%5Etfw\">#FijezaYa<\/a> <a href=\"https:\/\/twitter.com\/hashtag\/Noticias?src=hash&amp;ref_src=twsrc%5Etfw\">#Noticias<\/a> 1 \ud83d\udcaf<br \/>\ud83d\udd25<a href=\"https:\/\/twitter.com\/hashtag\/Peri%C3%B3dicoTwitter?src=hash&amp;ref_src=twsrc%5Etfw\">#Peri\u00f3dicoTwitter<\/a> 83 \ud83d\udd25 <a href=\"https:\/\/twitter.com\/hashtag\/EU2024BE?src=hash&amp;ref_src=twsrc%5Etfw\">#EU2024BE<\/a> <a href=\"https:\/\/twitter.com\/hashtag\/Temporalidad?src=hash&amp;ref_src=twsrc%5Etfw\">#Temporalidad<\/a> Hoy <a href=\"https:\/\/twitter.com\/hashtag\/XplicaTomatazos?src=hash&amp;ref_src=twsrc%5Etfw\">#XplicaTomatazos<\/a> <a href=\"https:\/\/twitter.com\/hashtag\/S%C3%A1bado?src=hash&amp;ref_src=twsrc%5Etfw\">#S\u00e1bado<\/a> <a href=\"https:\/\/twitter.com\/hashtag\/BuenasNoches?src=hash&amp;ref_src=twsrc%5Etfw\">#BuenasNoches<\/a> y <a href=\"https:\/\/twitter.com\/hashtag\/BuenosD%C3%ADas?src=hash&amp;ref_src=twsrc%5Etfw\">#BuenosD\u00edas<\/a> y <a href=\"https:\/\/twitter.com\/hashtag\/FelizDomingo?src=hash&amp;ref_src=twsrc%5Etfw\">#FelizDomingo<\/a> <a href=\"https:\/\/twitter.com\/hashtag\/UE?src=hash&amp;ref_src=twsrc%5Etfw\">#UE<\/a><a href=\"https:\/\/twitter.com\/hashtag\/Bruselas?src=hash&amp;ref_src=twsrc%5Etfw\">#Bruselas<\/a> <a href=\"https:\/\/twitter.com\/hashtag\/Parlamento?src=hash&amp;ref_src=twsrc%5Etfw\">#Parlamento<\/a> <a href=\"https:\/\/twitter.com\/hashtag\/Europeo?src=hash&amp;ref_src=twsrc%5Etfw\">#Europeo<\/a> <a href=\"https:\/\/twitter.com\/hashtag\/SOS?src=hash&amp;ref_src=twsrc%5Etfw\">#SOS<\/a> <a href=\"https:\/\/twitter.com\/hashtag\/TJUE?src=hash&amp;ref_src=twsrc%5Etfw\">#TJUE<\/a>\u00a0Con el <a href=\"https:\/\/twitter.com\/hashtag\/Peri%C3%B3dico?src=hash&amp;ref_src=twsrc%5Etfw\">#Peri\u00f3dico<\/a> de las <a href=\"https:\/\/twitter.com\/hashtag\/Oposiciones?src=hash&amp;ref_src=twsrc%5Etfw\">#Oposiciones<\/a> y Des <a href=\"https:\/\/twitter.com\/hashtag\/Estabilizaci%C3%B3n?src=hash&amp;ref_src=twsrc%5Etfw\">#Estabilizaci\u00f3n<\/a> <a href=\"https:\/\/twitter.com\/hashtag\/P%C3%BAblica?src=hash&amp;ref_src=twsrc%5Etfw\">#P\u00fablica<\/a> <a href=\"https:\/\/twitter.com\/hashtag\/Impuesto?src=hash&amp;ref_src=twsrc%5Etfw\">#Impuesto<\/a>\u2026 <a href=\"https:\/\/t.co\/48SlvwPp9N\">pic.twitter.com\/48SlvwPp9N<\/a><\/p>\n<p>&mdash; EPA &#8211; Empleados P\u00fablicos en Abuso (@AsociacionEPA) <a href=\"https:\/\/twitter.com\/AsociacionEPA\/status\/1753914798771675495?ref_src=twsrc%5Etfw\">February 3, 2024<\/a><\/p><\/blockquote>\n<p><script async src=\"https:\/\/platform.twitter.com\/widgets.js\" charset=\"utf-8\"><\/script><\/p>\n","protected":false},"excerpt":{"rendered":"<p>\ud83d\udcaf #FijezaYa #Noticias 1 \ud83d\udcaf\ud83d\udd25#Peri\u00f3dicoTwitter 83 \ud83d\udd25 #EU2024BE #Temporalidad Hoy #XplicaTomatazos #S\u00e1bado #BuenasNoches y #BuenosD\u00edas y #FelizDomingo #UE#Bruselas #Parlamento #Europeo #SOS #TJUE\u00a0Con el #Peri\u00f3dico de las #Oposiciones y Des #Estabilizaci\u00f3n #P\u00fablica #Impuesto\u2026 pic.twitter.com\/48SlvwPp9N &mdash; EPA &#8211; Empleados P\u00fablicos en Abuso (@AsociacionEPA) February 3, 2024<\/p>\n","protected":false},"author":119,"featured_media":0,"comment_status":"open","ping_status":"open","sticky":false,"template":"","format":"standard","meta":{"footnotes":""},"categories":[1],"tags":[],"acf":[],"_links":{"self":[{"href":"https:\/\/empleadospublicosenabuso.org\/index.php\/wp-json\/wp\/v2\/posts\/1200"}],"collection":[{"href":"https:\/\/empleadospublicosenabuso.org\/index.php\/wp-json\/wp\/v2\/posts"}],"about":[{"href":"https:\/\/empleadospublicosenabuso.org\/index.php\/wp-json\/wp\/v2\/types\/post"}],"author":[{"embeddable":true,"href":"https:\/\/empleadospublicosenabuso.org\/index.php\/wp-json\/wp\/v2\/users\/119"}],"replies":[{"embeddable":true,"href":"https:\/\/empleadospublicosenabuso.org\/index.php\/wp-json\/wp\/v2\/comments?post=1200"}],"version-history":[{"count":1,"href":"https:\/\/empleadospublicosenabuso.org\/index.php\/wp-json\/wp\/v2\/posts\/1200\/revisions"}],"predecessor-version":[{"id":1201,"href":"https:\/\/empleadospublicosenabuso.org\/index.php\/wp-json\/wp\/v2\/posts\/1200\/revisions\/1201"}],"wp:attachment":[{"href":"https:\/\/empleadospublicosenabuso.org\/index.php\/wp-json\/wp\/v2\/media?parent=1200"}],"wp:term":[{"taxonomy":"category","embeddable":true,"href":"https:\/\/empleadospublicosenabuso.org\/index.php\/wp-json\/wp\/v2\/categories?post=1200"},{"taxonomy":"post_tag","embeddable":true,"href":"https:\/\/empleadospublicosenabuso.org\/index.php\/wp-json\/wp\/v2\/tags?post=1200"}],"curies":[{"name":"wp","href":"https:\/\/api.w.org\/{rel}","templated":true}]}}