{"id":1198,"date":"2024-05-15T12:14:17","date_gmt":"2024-05-15T11:14:17","guid":{"rendered":"https:\/\/empleadospublicosenabuso.org\/?p=1198"},"modified":"2024-05-15T12:14:17","modified_gmt":"2024-05-15T11:14:17","slug":"02-02-2024-periodicotwitter-no-82","status":"publish","type":"post","link":"https:\/\/empleadospublicosenabuso.org\/index.php\/2024\/05\/15\/02-02-2024-periodicotwitter-no-82\/","title":{"rendered":"02\/02\/2024 &#8211; #Peri\u00f3dicoTwitter N\u00ba 82:"},"content":{"rendered":"<blockquote class=\"twitter-tweet\" data-width=\"550\" data-dnt=\"true\">\n<p lang=\"es\" dir=\"ltr\">\ud83d\udcaf <a href=\"https:\/\/twitter.com\/hashtag\/FijezaYa?src=hash&amp;ref_src=twsrc%5Etfw\">#FijezaYa<\/a> <a href=\"https:\/\/twitter.com\/hashtag\/Noticias?src=hash&amp;ref_src=twsrc%5Etfw\">#Noticias<\/a> 1 \ud83d\udcaf<br \/>\ud83d\udd25<a href=\"https:\/\/twitter.com\/hashtag\/Peri%C3%B3dicoTwitter?src=hash&amp;ref_src=twsrc%5Etfw\">#Peri\u00f3dicoTwitter<\/a> 82 \ud83d\udd25 <a href=\"https:\/\/twitter.com\/hashtag\/EU2024BE?src=hash&amp;ref_src=twsrc%5Etfw\">#EU2024BE<\/a> <a href=\"https:\/\/twitter.com\/hashtag\/Temporalidad?src=hash&amp;ref_src=twsrc%5Etfw\">#Temporalidad<\/a> Hoy <a href=\"https:\/\/twitter.com\/hashtag\/Viernes?src=hash&amp;ref_src=twsrc%5Etfw\">#Viernes<\/a> <a href=\"https:\/\/twitter.com\/hashtag\/BuenasNoches?src=hash&amp;ref_src=twsrc%5Etfw\">#BuenasNoches<\/a> y <a href=\"https:\/\/twitter.com\/hashtag\/BuenosD%C3%ADas?src=hash&amp;ref_src=twsrc%5Etfw\">#BuenosD\u00edas<\/a> y <a href=\"https:\/\/twitter.com\/hashtag\/FelizS%C3%A1bado?src=hash&amp;ref_src=twsrc%5Etfw\">#FelizS\u00e1bado<\/a> <a href=\"https:\/\/twitter.com\/hashtag\/Uni%C3%B3nEuropea?src=hash&amp;ref_src=twsrc%5Etfw\">#Uni\u00f3nEuropea<\/a> <a href=\"https:\/\/twitter.com\/hashtag\/Bruselas?src=hash&amp;ref_src=twsrc%5Etfw\">#Bruselas<\/a> <a href=\"https:\/\/twitter.com\/hashtag\/ParlamentoEuropeo?src=hash&amp;ref_src=twsrc%5Etfw\">#ParlamentoEuropeo<\/a> <a href=\"https:\/\/twitter.com\/hashtag\/SOS?src=hash&amp;ref_src=twsrc%5Etfw\">#SOS<\/a> <a href=\"https:\/\/twitter.com\/hashtag\/TJUE?src=hash&amp;ref_src=twsrc%5Etfw\">#TJUE<\/a>\u00a0<a href=\"https:\/\/twitter.com\/hashtag\/ReClasificaci%C3%B3nYa?src=hash&amp;ref_src=twsrc%5Etfw\">#ReClasificaci\u00f3nYa<\/a> y con el <a href=\"https:\/\/twitter.com\/hashtag\/Peri%C3%B3dico?src=hash&amp;ref_src=twsrc%5Etfw\">#Peri\u00f3dico<\/a> del <a href=\"https:\/\/twitter.com\/hashtag\/Opositor?src=hash&amp;ref_src=twsrc%5Etfw\">#Opositor<\/a> y <a href=\"https:\/\/twitter.com\/hashtag\/Oposiciones?src=hash&amp;ref_src=twsrc%5Etfw\">#Oposiciones<\/a> <a href=\"https:\/\/twitter.com\/hashtag\/P%C3%BAblicas?src=hash&amp;ref_src=twsrc%5Etfw\">#P\u00fablicas<\/a> <a href=\"https:\/\/twitter.com\/hashtag\/Impuestos?src=hash&amp;ref_src=twsrc%5Etfw\">#Impuestos<\/a>\u2026 <a href=\"https:\/\/t.co\/GQlVzlZB68\">pic.twitter.com\/GQlVzlZB68<\/a><\/p>\n<p>&mdash; EPA &#8211; Empleados P\u00fablicos en Abuso (@AsociacionEPA) <a href=\"https:\/\/twitter.com\/AsociacionEPA\/status\/1753546442315051263?ref_src=twsrc%5Etfw\">February 2, 2024<\/a><\/p><\/blockquote>\n<p><script async src=\"https:\/\/platform.twitter.com\/widgets.js\" charset=\"utf-8\"><\/script><\/p>\n","protected":false},"excerpt":{"rendered":"<p>\ud83d\udcaf #FijezaYa #Noticias 1 \ud83d\udcaf\ud83d\udd25#Peri\u00f3dicoTwitter 82 \ud83d\udd25 #EU2024BE #Temporalidad Hoy #Viernes #BuenasNoches y #BuenosD\u00edas y #FelizS\u00e1bado #Uni\u00f3nEuropea #Bruselas #ParlamentoEuropeo #SOS #TJUE\u00a0#ReClasificaci\u00f3nYa y con el #Peri\u00f3dico del #Opositor y #Oposiciones #P\u00fablicas #Impuestos\u2026 pic.twitter.com\/GQlVzlZB68 &mdash; EPA &#8211; Empleados P\u00fablicos en Abuso (@AsociacionEPA) February 2, 2024<\/p>\n","protected":false},"author":119,"featured_media":0,"comment_status":"open","ping_status":"open","sticky":false,"template":"","format":"standard","meta":{"footnotes":""},"categories":[1],"tags":[],"acf":[],"_links":{"self":[{"href":"https:\/\/empleadospublicosenabuso.org\/index.php\/wp-json\/wp\/v2\/posts\/1198"}],"collection":[{"href":"https:\/\/empleadospublicosenabuso.org\/index.php\/wp-json\/wp\/v2\/posts"}],"about":[{"href":"https:\/\/empleadospublicosenabuso.org\/index.php\/wp-json\/wp\/v2\/types\/post"}],"author":[{"embeddable":true,"href":"https:\/\/empleadospublicosenabuso.org\/index.php\/wp-json\/wp\/v2\/users\/119"}],"replies":[{"embeddable":true,"href":"https:\/\/empleadospublicosenabuso.org\/index.php\/wp-json\/wp\/v2\/comments?post=1198"}],"version-history":[{"count":1,"href":"https:\/\/empleadospublicosenabuso.org\/index.php\/wp-json\/wp\/v2\/posts\/1198\/revisions"}],"predecessor-version":[{"id":1199,"href":"https:\/\/empleadospublicosenabuso.org\/index.php\/wp-json\/wp\/v2\/posts\/1198\/revisions\/1199"}],"wp:attachment":[{"href":"https:\/\/empleadospublicosenabuso.org\/index.php\/wp-json\/wp\/v2\/media?parent=1198"}],"wp:term":[{"taxonomy":"category","embeddable":true,"href":"https:\/\/empleadospublicosenabuso.org\/index.php\/wp-json\/wp\/v2\/categories?post=1198"},{"taxonomy":"post_tag","embeddable":true,"href":"https:\/\/empleadospublicosenabuso.org\/index.php\/wp-json\/wp\/v2\/tags?post=1198"}],"curies":[{"name":"wp","href":"https:\/\/api.w.org\/{rel}","templated":true}]}}