{"id":1196,"date":"2024-05-15T12:12:47","date_gmt":"2024-05-15T11:12:47","guid":{"rendered":"https:\/\/empleadospublicosenabuso.org\/?p=1196"},"modified":"2024-05-15T12:12:47","modified_gmt":"2024-05-15T11:12:47","slug":"01-02-2024-periodicotwitter-no-81","status":"publish","type":"post","link":"https:\/\/empleadospublicosenabuso.org\/index.php\/2024\/05\/15\/01-02-2024-periodicotwitter-no-81\/","title":{"rendered":"01\/02\/2024 &#8211; #Peri\u00f3dicoTwitter N\u00ba 81:"},"content":{"rendered":"<blockquote class=\"twitter-tweet\" data-width=\"550\" data-dnt=\"true\">\n<p lang=\"es\" dir=\"ltr\">\ud83d\udcaf <a href=\"https:\/\/twitter.com\/hashtag\/FijezaYa?src=hash&amp;ref_src=twsrc%5Etfw\">#FijezaYa<\/a> <a href=\"https:\/\/twitter.com\/hashtag\/Noticias?src=hash&amp;ref_src=twsrc%5Etfw\">#Noticias<\/a> 1 \ud83d\udcaf<br \/>\ud83d\udd25<a href=\"https:\/\/twitter.com\/hashtag\/Peri%C3%B3dicoTwitter?src=hash&amp;ref_src=twsrc%5Etfw\">#Peri\u00f3dicoTwitter<\/a> 81 \ud83d\udd25 <a href=\"https:\/\/twitter.com\/hashtag\/EU2024BE?src=hash&amp;ref_src=twsrc%5Etfw\">#EU2024BE<\/a> <a href=\"https:\/\/twitter.com\/hashtag\/Temporalidad?src=hash&amp;ref_src=twsrc%5Etfw\">#Temporalidad<\/a> Hoy <a href=\"https:\/\/twitter.com\/hashtag\/Jueves?src=hash&amp;ref_src=twsrc%5Etfw\">#Jueves<\/a> <a href=\"https:\/\/twitter.com\/hashtag\/BuenasNoches?src=hash&amp;ref_src=twsrc%5Etfw\">#BuenasNoches<\/a> y <a href=\"https:\/\/twitter.com\/hashtag\/BuenosD%C3%ADas?src=hash&amp;ref_src=twsrc%5Etfw\">#BuenosD\u00edas<\/a> y <a href=\"https:\/\/twitter.com\/hashtag\/FelizViernes?src=hash&amp;ref_src=twsrc%5Etfw\">#FelizViernes<\/a>\u00a0<a href=\"https:\/\/twitter.com\/hashtag\/Bruselas?src=hash&amp;ref_src=twsrc%5Etfw\">#Bruselas<\/a> <a href=\"https:\/\/twitter.com\/hashtag\/SOS?src=hash&amp;ref_src=twsrc%5Etfw\">#SOS<\/a> <a href=\"https:\/\/twitter.com\/hashtag\/TJUE?src=hash&amp;ref_src=twsrc%5Etfw\">#TJUE<\/a> con el <a href=\"https:\/\/twitter.com\/hashtag\/Peri%C3%B3dico?src=hash&amp;ref_src=twsrc%5Etfw\">#Peri\u00f3dico<\/a> de la DES <a href=\"https:\/\/twitter.com\/hashtag\/Estabilizacion?src=hash&amp;ref_src=twsrc%5Etfw\">#Estabilizacion<\/a> y <a href=\"https:\/\/twitter.com\/hashtag\/Oposici%C3%B3nes?src=hash&amp;ref_src=twsrc%5Etfw\">#Oposici\u00f3nes<\/a> <a href=\"https:\/\/twitter.com\/hashtag\/P%C3%BAblicas?src=hash&amp;ref_src=twsrc%5Etfw\">#P\u00fablicas<\/a> <a href=\"https:\/\/twitter.com\/hashtag\/Impuestos?src=hash&amp;ref_src=twsrc%5Etfw\">#Impuestos<\/a> <a href=\"https:\/\/twitter.com\/hashtag\/Trabajadores?src=hash&amp;ref_src=twsrc%5Etfw\">#Trabajadores<\/a> que exigen <a href=\"https:\/\/twitter.com\/hashtag\/Transparencia?src=hash&amp;ref_src=twsrc%5Etfw\">#Transparencia<\/a> en\u2026 <a href=\"https:\/\/t.co\/q4oNx8Wlk5\">pic.twitter.com\/q4oNx8Wlk5<\/a><\/p>\n<p>&mdash; EPA &#8211; Empleados P\u00fablicos en Abuso (@AsociacionEPA) <a href=\"https:\/\/twitter.com\/AsociacionEPA\/status\/1753188845074440314?ref_src=twsrc%5Etfw\">February 1, 2024<\/a><\/p><\/blockquote>\n<p><script async src=\"https:\/\/platform.twitter.com\/widgets.js\" charset=\"utf-8\"><\/script><\/p>\n","protected":false},"excerpt":{"rendered":"<p>\ud83d\udcaf #FijezaYa #Noticias 1 \ud83d\udcaf\ud83d\udd25#Peri\u00f3dicoTwitter 81 \ud83d\udd25 #EU2024BE #Temporalidad Hoy #Jueves #BuenasNoches y #BuenosD\u00edas y #FelizViernes\u00a0#Bruselas #SOS #TJUE con el #Peri\u00f3dico de la DES #Estabilizacion y #Oposici\u00f3nes #P\u00fablicas #Impuestos #Trabajadores que exigen #Transparencia en\u2026 pic.twitter.com\/q4oNx8Wlk5 &mdash; EPA &#8211; Empleados P\u00fablicos en Abuso (@AsociacionEPA) February 1, 2024<\/p>\n","protected":false},"author":119,"featured_media":0,"comment_status":"open","ping_status":"open","sticky":false,"template":"","format":"standard","meta":{"footnotes":""},"categories":[1],"tags":[],"acf":[],"_links":{"self":[{"href":"https:\/\/empleadospublicosenabuso.org\/index.php\/wp-json\/wp\/v2\/posts\/1196"}],"collection":[{"href":"https:\/\/empleadospublicosenabuso.org\/index.php\/wp-json\/wp\/v2\/posts"}],"about":[{"href":"https:\/\/empleadospublicosenabuso.org\/index.php\/wp-json\/wp\/v2\/types\/post"}],"author":[{"embeddable":true,"href":"https:\/\/empleadospublicosenabuso.org\/index.php\/wp-json\/wp\/v2\/users\/119"}],"replies":[{"embeddable":true,"href":"https:\/\/empleadospublicosenabuso.org\/index.php\/wp-json\/wp\/v2\/comments?post=1196"}],"version-history":[{"count":1,"href":"https:\/\/empleadospublicosenabuso.org\/index.php\/wp-json\/wp\/v2\/posts\/1196\/revisions"}],"predecessor-version":[{"id":1197,"href":"https:\/\/empleadospublicosenabuso.org\/index.php\/wp-json\/wp\/v2\/posts\/1196\/revisions\/1197"}],"wp:attachment":[{"href":"https:\/\/empleadospublicosenabuso.org\/index.php\/wp-json\/wp\/v2\/media?parent=1196"}],"wp:term":[{"taxonomy":"category","embeddable":true,"href":"https:\/\/empleadospublicosenabuso.org\/index.php\/wp-json\/wp\/v2\/categories?post=1196"},{"taxonomy":"post_tag","embeddable":true,"href":"https:\/\/empleadospublicosenabuso.org\/index.php\/wp-json\/wp\/v2\/tags?post=1196"}],"curies":[{"name":"wp","href":"https:\/\/api.w.org\/{rel}","templated":true}]}}