{"id":1188,"date":"2024-05-15T12:09:51","date_gmt":"2024-05-15T11:09:51","guid":{"rendered":"https:\/\/empleadospublicosenabuso.org\/?p=1188"},"modified":"2024-05-15T12:09:51","modified_gmt":"2024-05-15T11:09:51","slug":"28-01-2024-periodicotwitter-no-77","status":"publish","type":"post","link":"https:\/\/empleadospublicosenabuso.org\/index.php\/2024\/05\/15\/28-01-2024-periodicotwitter-no-77\/","title":{"rendered":"28\/01\/2024 &#8211; #Peri\u00f3dicoTwitter N\u00ba 77:"},"content":{"rendered":"<blockquote class=\"twitter-tweet\" data-width=\"550\" data-dnt=\"true\">\n<p lang=\"es\" dir=\"ltr\">\ud83d\udcaf <a href=\"https:\/\/twitter.com\/hashtag\/FijezaYa?src=hash&amp;ref_src=twsrc%5Etfw\">#FijezaYa<\/a> <a href=\"https:\/\/twitter.com\/hashtag\/Noticias?src=hash&amp;ref_src=twsrc%5Etfw\">#Noticias<\/a> 1 \ud83d\udcaf<br \/>\ud83d\udd25<a href=\"https:\/\/twitter.com\/hashtag\/Peri%C3%B3dicoTwitter?src=hash&amp;ref_src=twsrc%5Etfw\">#Peri\u00f3dicoTwitter<\/a> 77 \ud83d\udd25 <a href=\"https:\/\/twitter.com\/hashtag\/EU2024BE?src=hash&amp;ref_src=twsrc%5Etfw\">#EU2024BE<\/a> <a href=\"https:\/\/twitter.com\/hashtag\/Temporalidad?src=hash&amp;ref_src=twsrc%5Etfw\">#Temporalidad<\/a> Hoy <a href=\"https:\/\/twitter.com\/hashtag\/Domingo?src=hash&amp;ref_src=twsrc%5Etfw\">#Domingo<\/a>\u00a0\ud83c\udf40 <a href=\"https:\/\/twitter.com\/hashtag\/ServiciosM%C3%ADnimos?src=hash&amp;ref_src=twsrc%5Etfw\">#ServiciosM\u00ednimos<\/a> <a href=\"https:\/\/twitter.com\/hashtag\/SaludMental?src=hash&amp;ref_src=twsrc%5Etfw\">#SaludMental<\/a> \ud83d\udc9a <a href=\"https:\/\/twitter.com\/hashtag\/BuenosD%C3%ADas?src=hash&amp;ref_src=twsrc%5Etfw\">#BuenosD\u00edas<\/a> y <a href=\"https:\/\/twitter.com\/hashtag\/FelizLunes?src=hash&amp;ref_src=twsrc%5Etfw\">#FelizLunes<\/a> <a href=\"https:\/\/twitter.com\/hashtag\/ParlamentoEuropeo?src=hash&amp;ref_src=twsrc%5Etfw\">#ParlamentoEuropeo<\/a> <a href=\"https:\/\/twitter.com\/hashtag\/SOS?src=hash&amp;ref_src=twsrc%5Etfw\">#SOS<\/a> <a href=\"https:\/\/twitter.com\/hashtag\/Europarlamentarios?src=hash&amp;ref_src=twsrc%5Etfw\">#Europarlamentarios<\/a> con el <a href=\"https:\/\/twitter.com\/hashtag\/Peri%C3%B3dico?src=hash&amp;ref_src=twsrc%5Etfw\">#Peri\u00f3dico<\/a> de la <a href=\"https:\/\/twitter.com\/hashtag\/Precariedad?src=hash&amp;ref_src=twsrc%5Etfw\">#Precariedad<\/a> y <a href=\"https:\/\/twitter.com\/hashtag\/Opacidad?src=hash&amp;ref_src=twsrc%5Etfw\">#Opacidad<\/a> <a href=\"https:\/\/twitter.com\/hashtag\/P%C3%BAblica?src=hash&amp;ref_src=twsrc%5Etfw\">#P\u00fablica<\/a> en tus <a href=\"https:\/\/twitter.com\/hashtag\/Impuestos?src=hash&amp;ref_src=twsrc%5Etfw\">#Impuestos<\/a>\u2026 <a href=\"https:\/\/t.co\/Tt7RRjDQvP\">pic.twitter.com\/Tt7RRjDQvP<\/a><\/p>\n<p>&mdash; EPA &#8211; Empleados P\u00fablicos en Abuso (@AsociacionEPA) <a href=\"https:\/\/twitter.com\/AsociacionEPA\/status\/1751720974003671419?ref_src=twsrc%5Etfw\">January 28, 2024<\/a><\/p><\/blockquote>\n<p><script async src=\"https:\/\/platform.twitter.com\/widgets.js\" charset=\"utf-8\"><\/script><\/p>\n","protected":false},"excerpt":{"rendered":"<p>\ud83d\udcaf #FijezaYa #Noticias 1 \ud83d\udcaf\ud83d\udd25#Peri\u00f3dicoTwitter 77 \ud83d\udd25 #EU2024BE #Temporalidad Hoy #Domingo\u00a0\ud83c\udf40 #ServiciosM\u00ednimos #SaludMental \ud83d\udc9a #BuenosD\u00edas y #FelizLunes #ParlamentoEuropeo #SOS #Europarlamentarios con el #Peri\u00f3dico de la #Precariedad y #Opacidad #P\u00fablica en tus #Impuestos\u2026 pic.twitter.com\/Tt7RRjDQvP &mdash; EPA &#8211; Empleados P\u00fablicos en Abuso (@AsociacionEPA) January 28, 2024<\/p>\n","protected":false},"author":119,"featured_media":0,"comment_status":"open","ping_status":"open","sticky":false,"template":"","format":"standard","meta":{"footnotes":""},"categories":[1],"tags":[],"acf":[],"_links":{"self":[{"href":"https:\/\/empleadospublicosenabuso.org\/index.php\/wp-json\/wp\/v2\/posts\/1188"}],"collection":[{"href":"https:\/\/empleadospublicosenabuso.org\/index.php\/wp-json\/wp\/v2\/posts"}],"about":[{"href":"https:\/\/empleadospublicosenabuso.org\/index.php\/wp-json\/wp\/v2\/types\/post"}],"author":[{"embeddable":true,"href":"https:\/\/empleadospublicosenabuso.org\/index.php\/wp-json\/wp\/v2\/users\/119"}],"replies":[{"embeddable":true,"href":"https:\/\/empleadospublicosenabuso.org\/index.php\/wp-json\/wp\/v2\/comments?post=1188"}],"version-history":[{"count":1,"href":"https:\/\/empleadospublicosenabuso.org\/index.php\/wp-json\/wp\/v2\/posts\/1188\/revisions"}],"predecessor-version":[{"id":1189,"href":"https:\/\/empleadospublicosenabuso.org\/index.php\/wp-json\/wp\/v2\/posts\/1188\/revisions\/1189"}],"wp:attachment":[{"href":"https:\/\/empleadospublicosenabuso.org\/index.php\/wp-json\/wp\/v2\/media?parent=1188"}],"wp:term":[{"taxonomy":"category","embeddable":true,"href":"https:\/\/empleadospublicosenabuso.org\/index.php\/wp-json\/wp\/v2\/categories?post=1188"},{"taxonomy":"post_tag","embeddable":true,"href":"https:\/\/empleadospublicosenabuso.org\/index.php\/wp-json\/wp\/v2\/tags?post=1188"}],"curies":[{"name":"wp","href":"https:\/\/api.w.org\/{rel}","templated":true}]}}