{"id":1176,"date":"2024-05-15T12:05:07","date_gmt":"2024-05-15T11:05:07","guid":{"rendered":"https:\/\/empleadospublicosenabuso.org\/?p=1176"},"modified":"2024-05-15T12:05:07","modified_gmt":"2024-05-15T11:05:07","slug":"22-01-2024-periodicotwitter-no-71","status":"publish","type":"post","link":"https:\/\/empleadospublicosenabuso.org\/index.php\/2024\/05\/15\/22-01-2024-periodicotwitter-no-71\/","title":{"rendered":"22\/01\/2024 &#8211; #Peri\u00f3dicoTwitter N\u00ba 71:"},"content":{"rendered":"<blockquote class=\"twitter-tweet\" data-width=\"550\" data-dnt=\"true\">\n<p lang=\"es\" dir=\"ltr\">\ud83d\udcaf <a href=\"https:\/\/twitter.com\/hashtag\/FijezaYa?src=hash&amp;ref_src=twsrc%5Etfw\">#FijezaYa<\/a> <a href=\"https:\/\/twitter.com\/hashtag\/Noticias?src=hash&amp;ref_src=twsrc%5Etfw\">#Noticias<\/a> 1 \ud83d\udcaf<br \/>\ud83d\udd25<a href=\"https:\/\/twitter.com\/hashtag\/Peri%C3%B3dicoTwitter?src=hash&amp;ref_src=twsrc%5Etfw\">#Peri\u00f3dicoTwitter<\/a> 71 \ud83d\udd25 <a href=\"https:\/\/twitter.com\/hashtag\/EU2024BE?src=hash&amp;ref_src=twsrc%5Etfw\">#EU2024BE<\/a> <a href=\"https:\/\/twitter.com\/hashtag\/Temporalidad?src=hash&amp;ref_src=twsrc%5Etfw\">#Temporalidad<\/a> Hoy <a href=\"https:\/\/twitter.com\/hashtag\/Lunes?src=hash&amp;ref_src=twsrc%5Etfw\">#Lunes<\/a> <a href=\"https:\/\/twitter.com\/hashtag\/BuenasNoches?src=hash&amp;ref_src=twsrc%5Etfw\">#BuenasNoches<\/a> y <a href=\"https:\/\/twitter.com\/hashtag\/BuenosD%C3%ADas?src=hash&amp;ref_src=twsrc%5Etfw\">#BuenosD\u00edas<\/a> y <a href=\"https:\/\/twitter.com\/hashtag\/FelizMartes?src=hash&amp;ref_src=twsrc%5Etfw\">#FelizMartes<\/a> &#8211; <a href=\"https:\/\/twitter.com\/hashtag\/Comisi%C3%B3nEuropea?src=hash&amp;ref_src=twsrc%5Etfw\">#Comisi\u00f3nEuropea<\/a> <a href=\"https:\/\/twitter.com\/hashtag\/SOS?src=hash&amp;ref_src=twsrc%5Etfw\">#SOS<\/a> <a href=\"https:\/\/twitter.com\/hashtag\/TJUE?src=hash&amp;ref_src=twsrc%5Etfw\">#TJUE<\/a> y con el <a href=\"https:\/\/twitter.com\/hashtag\/Peri%C3%B3dico?src=hash&amp;ref_src=twsrc%5Etfw\">#Peri\u00f3dico<\/a> del <a href=\"https:\/\/twitter.com\/hashtag\/Contribuyente?src=hash&amp;ref_src=twsrc%5Etfw\">#Contribuyente<\/a> <a href=\"https:\/\/twitter.com\/hashtag\/Ciudadanos?src=hash&amp;ref_src=twsrc%5Etfw\">#Ciudadanos<\/a> que exigen <a href=\"https:\/\/twitter.com\/hashtag\/Transparencia?src=hash&amp;ref_src=twsrc%5Etfw\">#Transparencia<\/a> en <a href=\"https:\/\/twitter.com\/hashtag\/Administraci%C3%B3nP%C3%BAblica?src=hash&amp;ref_src=twsrc%5Etfw\">#Administraci\u00f3nP\u00fablica<\/a> e <a href=\"https:\/\/twitter.com\/hashtag\/Impuestos?src=hash&amp;ref_src=twsrc%5Etfw\">#Impuestos<\/a><br \/>\ud83d\udea5\u2026 <a href=\"https:\/\/t.co\/1Zq7CWWHYt\">pic.twitter.com\/1Zq7CWWHYt<\/a><\/p>\n<p>&mdash; EPA &#8211; Empleados P\u00fablicos en Abuso (@AsociacionEPA) <a href=\"https:\/\/twitter.com\/AsociacionEPA\/status\/1749538231555617264?ref_src=twsrc%5Etfw\">January 22, 2024<\/a><\/p><\/blockquote>\n<p><script async src=\"https:\/\/platform.twitter.com\/widgets.js\" charset=\"utf-8\"><\/script><\/p>\n","protected":false},"excerpt":{"rendered":"<p>\ud83d\udcaf #FijezaYa #Noticias 1 \ud83d\udcaf\ud83d\udd25#Peri\u00f3dicoTwitter 71 \ud83d\udd25 #EU2024BE #Temporalidad Hoy #Lunes #BuenasNoches y #BuenosD\u00edas y #FelizMartes &#8211; #Comisi\u00f3nEuropea #SOS #TJUE y con el #Peri\u00f3dico del #Contribuyente #Ciudadanos que exigen #Transparencia en #Administraci\u00f3nP\u00fablica e #Impuestos\ud83d\udea5\u2026 pic.twitter.com\/1Zq7CWWHYt &mdash; EPA &#8211; Empleados P\u00fablicos en Abuso (@AsociacionEPA) January 22, 2024<\/p>\n","protected":false},"author":119,"featured_media":0,"comment_status":"open","ping_status":"open","sticky":false,"template":"","format":"standard","meta":{"footnotes":""},"categories":[1],"tags":[],"acf":[],"_links":{"self":[{"href":"https:\/\/empleadospublicosenabuso.org\/index.php\/wp-json\/wp\/v2\/posts\/1176"}],"collection":[{"href":"https:\/\/empleadospublicosenabuso.org\/index.php\/wp-json\/wp\/v2\/posts"}],"about":[{"href":"https:\/\/empleadospublicosenabuso.org\/index.php\/wp-json\/wp\/v2\/types\/post"}],"author":[{"embeddable":true,"href":"https:\/\/empleadospublicosenabuso.org\/index.php\/wp-json\/wp\/v2\/users\/119"}],"replies":[{"embeddable":true,"href":"https:\/\/empleadospublicosenabuso.org\/index.php\/wp-json\/wp\/v2\/comments?post=1176"}],"version-history":[{"count":1,"href":"https:\/\/empleadospublicosenabuso.org\/index.php\/wp-json\/wp\/v2\/posts\/1176\/revisions"}],"predecessor-version":[{"id":1177,"href":"https:\/\/empleadospublicosenabuso.org\/index.php\/wp-json\/wp\/v2\/posts\/1176\/revisions\/1177"}],"wp:attachment":[{"href":"https:\/\/empleadospublicosenabuso.org\/index.php\/wp-json\/wp\/v2\/media?parent=1176"}],"wp:term":[{"taxonomy":"category","embeddable":true,"href":"https:\/\/empleadospublicosenabuso.org\/index.php\/wp-json\/wp\/v2\/categories?post=1176"},{"taxonomy":"post_tag","embeddable":true,"href":"https:\/\/empleadospublicosenabuso.org\/index.php\/wp-json\/wp\/v2\/tags?post=1176"}],"curies":[{"name":"wp","href":"https:\/\/api.w.org\/{rel}","templated":true}]}}