{"id":1164,"date":"2024-05-15T11:59:23","date_gmt":"2024-05-15T10:59:23","guid":{"rendered":"https:\/\/empleadospublicosenabuso.org\/?p=1164"},"modified":"2024-05-15T11:59:23","modified_gmt":"2024-05-15T10:59:23","slug":"16-01-2024-periodicotwitter-no-65","status":"publish","type":"post","link":"https:\/\/empleadospublicosenabuso.org\/index.php\/2024\/05\/15\/16-01-2024-periodicotwitter-no-65\/","title":{"rendered":"16\/01\/2024 &#8211; #Peri\u00f3dicoTwitter N\u00ba 65:"},"content":{"rendered":"<blockquote class=\"twitter-tweet\" data-width=\"550\" data-dnt=\"true\">\n<p lang=\"es\" dir=\"ltr\">\ud83d\udcaf <a href=\"https:\/\/twitter.com\/hashtag\/FijezaYa?src=hash&amp;ref_src=twsrc%5Etfw\">#FijezaYa<\/a> <a href=\"https:\/\/twitter.com\/hashtag\/Noticias?src=hash&amp;ref_src=twsrc%5Etfw\">#Noticias<\/a> 1 \ud83d\udcaf<br \/>\ud83d\udd25<a href=\"https:\/\/twitter.com\/hashtag\/Peri%C3%B3dicoTwitter?src=hash&amp;ref_src=twsrc%5Etfw\">#Peri\u00f3dicoTwitter<\/a> 65 \ud83d\udd25 <a href=\"https:\/\/twitter.com\/hashtag\/EU2024BE?src=hash&amp;ref_src=twsrc%5Etfw\">#EU2024BE<\/a> <a href=\"https:\/\/twitter.com\/hashtag\/Temporalidad?src=hash&amp;ref_src=twsrc%5Etfw\">#Temporalidad<\/a> Hoy <a href=\"https:\/\/twitter.com\/hashtag\/Martes?src=hash&amp;ref_src=twsrc%5Etfw\">#Martes<\/a> Preparamos tu <a href=\"https:\/\/twitter.com\/hashtag\/FelizMi%C3%A9rcoles?src=hash&amp;ref_src=twsrc%5Etfw\">#FelizMi\u00e9rcoles<\/a> con el <a href=\"https:\/\/twitter.com\/hashtag\/Peri%C3%B3dico?src=hash&amp;ref_src=twsrc%5Etfw\">#Peri\u00f3dico<\/a> del <a href=\"https:\/\/twitter.com\/hashtag\/Abuso?src=hash&amp;ref_src=twsrc%5Etfw\">#Abuso<\/a> <a href=\"https:\/\/twitter.com\/hashtag\/Laboral?src=hash&amp;ref_src=twsrc%5Etfw\">#Laboral<\/a> en <a href=\"https:\/\/twitter.com\/hashtag\/Administraci%C3%B3nP%C3%BAblica?src=hash&amp;ref_src=twsrc%5Etfw\">#Administraci\u00f3nP\u00fablica<\/a> . &#8211; \ud83c\uddea\ud83c\uddfa \u00bfIn <a href=\"https:\/\/twitter.com\/hashtag\/Europe?src=hash&amp;ref_src=twsrc%5Etfw\">#Europe<\/a> <a href=\"https:\/\/twitter.com\/hashtag\/Bruselas?src=hash&amp;ref_src=twsrc%5Etfw\">#Bruselas<\/a>? \ud83c\uddea\ud83c\udde6 &#8211; In <a href=\"https:\/\/twitter.com\/hashtag\/Spain?src=hash&amp;ref_src=twsrc%5Etfw\">#Spain<\/a> <a href=\"https:\/\/twitter.com\/hashtag\/Interinos?src=hash&amp;ref_src=twsrc%5Etfw\">#Interinos<\/a> o <a href=\"https:\/\/twitter.com\/hashtag\/Laborales?src=hash&amp;ref_src=twsrc%5Etfw\">#Laborales<\/a>, <a href=\"https:\/\/twitter.com\/hashtag\/Procuradores?src=hash&amp;ref_src=twsrc%5Etfw\">#Procuradores<\/a> o <a href=\"https:\/\/twitter.com\/hashtag\/Abogados?src=hash&amp;ref_src=twsrc%5Etfw\">#Abogados<\/a>\u2026 <a href=\"https:\/\/t.co\/c0Qoj3H18B\">pic.twitter.com\/c0Qoj3H18B<\/a><\/p>\n<p>&mdash; EPA &#8211; Empleados P\u00fablicos en Abuso (@AsociacionEPA) <a href=\"https:\/\/twitter.com\/AsociacionEPA\/status\/1747346053332935075?ref_src=twsrc%5Etfw\">January 16, 2024<\/a><\/p><\/blockquote>\n<p><script async src=\"https:\/\/platform.twitter.com\/widgets.js\" charset=\"utf-8\"><\/script><\/p>\n","protected":false},"excerpt":{"rendered":"<p>\ud83d\udcaf #FijezaYa #Noticias 1 \ud83d\udcaf\ud83d\udd25#Peri\u00f3dicoTwitter 65 \ud83d\udd25 #EU2024BE #Temporalidad Hoy #Martes Preparamos tu #FelizMi\u00e9rcoles con el #Peri\u00f3dico del #Abuso #Laboral en #Administraci\u00f3nP\u00fablica . &#8211; \ud83c\uddea\ud83c\uddfa \u00bfIn #Europe #Bruselas? \ud83c\uddea\ud83c\udde6 &#8211; In #Spain #Interinos o #Laborales, #Procuradores o #Abogados\u2026 pic.twitter.com\/c0Qoj3H18B &mdash; EPA &#8211; Empleados P\u00fablicos en Abuso (@AsociacionEPA) January 16, 2024<\/p>\n","protected":false},"author":119,"featured_media":0,"comment_status":"open","ping_status":"open","sticky":false,"template":"","format":"standard","meta":{"footnotes":""},"categories":[1],"tags":[],"acf":[],"_links":{"self":[{"href":"https:\/\/empleadospublicosenabuso.org\/index.php\/wp-json\/wp\/v2\/posts\/1164"}],"collection":[{"href":"https:\/\/empleadospublicosenabuso.org\/index.php\/wp-json\/wp\/v2\/posts"}],"about":[{"href":"https:\/\/empleadospublicosenabuso.org\/index.php\/wp-json\/wp\/v2\/types\/post"}],"author":[{"embeddable":true,"href":"https:\/\/empleadospublicosenabuso.org\/index.php\/wp-json\/wp\/v2\/users\/119"}],"replies":[{"embeddable":true,"href":"https:\/\/empleadospublicosenabuso.org\/index.php\/wp-json\/wp\/v2\/comments?post=1164"}],"version-history":[{"count":1,"href":"https:\/\/empleadospublicosenabuso.org\/index.php\/wp-json\/wp\/v2\/posts\/1164\/revisions"}],"predecessor-version":[{"id":1165,"href":"https:\/\/empleadospublicosenabuso.org\/index.php\/wp-json\/wp\/v2\/posts\/1164\/revisions\/1165"}],"wp:attachment":[{"href":"https:\/\/empleadospublicosenabuso.org\/index.php\/wp-json\/wp\/v2\/media?parent=1164"}],"wp:term":[{"taxonomy":"category","embeddable":true,"href":"https:\/\/empleadospublicosenabuso.org\/index.php\/wp-json\/wp\/v2\/categories?post=1164"},{"taxonomy":"post_tag","embeddable":true,"href":"https:\/\/empleadospublicosenabuso.org\/index.php\/wp-json\/wp\/v2\/tags?post=1164"}],"curies":[{"name":"wp","href":"https:\/\/api.w.org\/{rel}","templated":true}]}}