{"id":1162,"date":"2024-05-15T11:58:39","date_gmt":"2024-05-15T10:58:39","guid":{"rendered":"https:\/\/empleadospublicosenabuso.org\/?p=1162"},"modified":"2024-05-15T11:58:39","modified_gmt":"2024-05-15T10:58:39","slug":"15-01-2024-periodicotwitter-no-64","status":"publish","type":"post","link":"https:\/\/empleadospublicosenabuso.org\/index.php\/2024\/05\/15\/15-01-2024-periodicotwitter-no-64\/","title":{"rendered":"15\/01\/2024 &#8211; #Peri\u00f3dicoTwitter N\u00ba 64:"},"content":{"rendered":"<blockquote class=\"twitter-tweet\" data-width=\"550\" data-dnt=\"true\">\n<p lang=\"es\" dir=\"ltr\">\ud83d\udcaf <a href=\"https:\/\/twitter.com\/hashtag\/FijezaYa?src=hash&amp;ref_src=twsrc%5Etfw\">#FijezaYa<\/a> <a href=\"https:\/\/twitter.com\/hashtag\/Noticias?src=hash&amp;ref_src=twsrc%5Etfw\">#Noticias<\/a> 1 \ud83d\udcaf<br \/>\ud83d\udd25<a href=\"https:\/\/twitter.com\/hashtag\/Peri%C3%B3dicoTwitter?src=hash&amp;ref_src=twsrc%5Etfw\">#Peri\u00f3dicoTwitter<\/a> 64 \ud83d\udd25 <a href=\"https:\/\/twitter.com\/hashtag\/EU2024BE?src=hash&amp;ref_src=twsrc%5Etfw\">#EU2024BE<\/a> <a href=\"https:\/\/twitter.com\/hashtag\/Temporalidad?src=hash&amp;ref_src=twsrc%5Etfw\">#Temporalidad<\/a> Hoy <a href=\"https:\/\/twitter.com\/hashtag\/Lunes?src=hash&amp;ref_src=twsrc%5Etfw\">#Lunes<\/a> Preparamos tu <a href=\"https:\/\/twitter.com\/hashtag\/FelizMartes?src=hash&amp;ref_src=twsrc%5Etfw\">#FelizMartes<\/a> con el <a href=\"https:\/\/twitter.com\/hashtag\/Peri%C3%B3dico?src=hash&amp;ref_src=twsrc%5Etfw\">#Peri\u00f3dico<\/a> del <a href=\"https:\/\/twitter.com\/hashtag\/Abuso?src=hash&amp;ref_src=twsrc%5Etfw\">#Abuso<\/a> <a href=\"https:\/\/twitter.com\/hashtag\/Laboral?src=hash&amp;ref_src=twsrc%5Etfw\">#Laboral<\/a> en <a href=\"https:\/\/twitter.com\/hashtag\/Funci%C3%B3nP%C3%BAblica?src=hash&amp;ref_src=twsrc%5Etfw\">#Funci\u00f3nP\u00fablica<\/a> . \ud83c\uddea\ud83c\uddfa \u00bfEn <a href=\"https:\/\/twitter.com\/hashtag\/Europa?src=hash&amp;ref_src=twsrc%5Etfw\">#Europa<\/a>? En <a href=\"https:\/\/twitter.com\/hashtag\/Espa%C3%B1a?src=hash&amp;ref_src=twsrc%5Etfw\">#Espa\u00f1a<\/a> <a href=\"https:\/\/twitter.com\/hashtag\/Interinos?src=hash&amp;ref_src=twsrc%5Etfw\">#Interinos<\/a> o <a href=\"https:\/\/twitter.com\/hashtag\/Laborales?src=hash&amp;ref_src=twsrc%5Etfw\">#Laborales<\/a>, <a href=\"https:\/\/twitter.com\/hashtag\/Enfermeras?src=hash&amp;ref_src=twsrc%5Etfw\">#Enfermeras<\/a> o <a href=\"https:\/\/twitter.com\/hashtag\/T%C3%A9cnicos?src=hash&amp;ref_src=twsrc%5Etfw\">#T\u00e9cnicos<\/a> <a href=\"https:\/\/twitter.com\/hashtag\/FP?src=hash&amp;ref_src=twsrc%5Etfw\">#FP<\/a> da igual. Todos son\u2026 <a href=\"https:\/\/t.co\/rkSwgaSBrY\">pic.twitter.com\/rkSwgaSBrY<\/a><\/p>\n<p>&mdash; EPA &#8211; Empleados P\u00fablicos en Abuso (@AsociacionEPA) <a href=\"https:\/\/twitter.com\/AsociacionEPA\/status\/1746986548229194177?ref_src=twsrc%5Etfw\">January 15, 2024<\/a><\/p><\/blockquote>\n<p><script async src=\"https:\/\/platform.twitter.com\/widgets.js\" charset=\"utf-8\"><\/script><\/p>\n","protected":false},"excerpt":{"rendered":"<p>\ud83d\udcaf #FijezaYa #Noticias 1 \ud83d\udcaf\ud83d\udd25#Peri\u00f3dicoTwitter 64 \ud83d\udd25 #EU2024BE #Temporalidad Hoy #Lunes Preparamos tu #FelizMartes con el #Peri\u00f3dico del #Abuso #Laboral en #Funci\u00f3nP\u00fablica . \ud83c\uddea\ud83c\uddfa \u00bfEn #Europa? En #Espa\u00f1a #Interinos o #Laborales, #Enfermeras o #T\u00e9cnicos #FP da igual. Todos son\u2026 pic.twitter.com\/rkSwgaSBrY &mdash; EPA &#8211; Empleados P\u00fablicos en Abuso (@AsociacionEPA) January 15, 2024<\/p>\n","protected":false},"author":119,"featured_media":0,"comment_status":"open","ping_status":"open","sticky":false,"template":"","format":"standard","meta":{"footnotes":""},"categories":[1],"tags":[],"acf":[],"_links":{"self":[{"href":"https:\/\/empleadospublicosenabuso.org\/index.php\/wp-json\/wp\/v2\/posts\/1162"}],"collection":[{"href":"https:\/\/empleadospublicosenabuso.org\/index.php\/wp-json\/wp\/v2\/posts"}],"about":[{"href":"https:\/\/empleadospublicosenabuso.org\/index.php\/wp-json\/wp\/v2\/types\/post"}],"author":[{"embeddable":true,"href":"https:\/\/empleadospublicosenabuso.org\/index.php\/wp-json\/wp\/v2\/users\/119"}],"replies":[{"embeddable":true,"href":"https:\/\/empleadospublicosenabuso.org\/index.php\/wp-json\/wp\/v2\/comments?post=1162"}],"version-history":[{"count":1,"href":"https:\/\/empleadospublicosenabuso.org\/index.php\/wp-json\/wp\/v2\/posts\/1162\/revisions"}],"predecessor-version":[{"id":1163,"href":"https:\/\/empleadospublicosenabuso.org\/index.php\/wp-json\/wp\/v2\/posts\/1162\/revisions\/1163"}],"wp:attachment":[{"href":"https:\/\/empleadospublicosenabuso.org\/index.php\/wp-json\/wp\/v2\/media?parent=1162"}],"wp:term":[{"taxonomy":"category","embeddable":true,"href":"https:\/\/empleadospublicosenabuso.org\/index.php\/wp-json\/wp\/v2\/categories?post=1162"},{"taxonomy":"post_tag","embeddable":true,"href":"https:\/\/empleadospublicosenabuso.org\/index.php\/wp-json\/wp\/v2\/tags?post=1162"}],"curies":[{"name":"wp","href":"https:\/\/api.w.org\/{rel}","templated":true}]}}