{"id":1158,"date":"2024-05-15T11:57:13","date_gmt":"2024-05-15T10:57:13","guid":{"rendered":"https:\/\/empleadospublicosenabuso.org\/?p=1158"},"modified":"2024-05-15T11:57:13","modified_gmt":"2024-05-15T10:57:13","slug":"13-01-2024-periodicotwitter-no-62","status":"publish","type":"post","link":"https:\/\/empleadospublicosenabuso.org\/index.php\/2024\/05\/15\/13-01-2024-periodicotwitter-no-62\/","title":{"rendered":"13\/01\/2024 &#8211; #Peri\u00f3dicoTwitter N\u00ba 62:"},"content":{"rendered":"<blockquote class=\"twitter-tweet\" data-width=\"550\" data-dnt=\"true\">\n<p lang=\"es\" dir=\"ltr\">\ud83d\udcaf <a href=\"https:\/\/twitter.com\/hashtag\/FijezaYa?src=hash&amp;ref_src=twsrc%5Etfw\">#FijezaYa<\/a> <a href=\"https:\/\/twitter.com\/hashtag\/Noticias?src=hash&amp;ref_src=twsrc%5Etfw\">#Noticias<\/a> 1 \ud83d\udcaf<br \/>\ud83d\udd25<a href=\"https:\/\/twitter.com\/hashtag\/Peri%C3%B3dicoTwitter?src=hash&amp;ref_src=twsrc%5Etfw\">#Peri\u00f3dicoTwitter<\/a> 62 \ud83d\udd25 <a href=\"https:\/\/twitter.com\/hashtag\/EU2024BE?src=hash&amp;ref_src=twsrc%5Etfw\">#EU2024BE<\/a> <a href=\"https:\/\/twitter.com\/hashtag\/Temporalidad?src=hash&amp;ref_src=twsrc%5Etfw\">#Temporalidad<\/a> Hoy <a href=\"https:\/\/twitter.com\/hashtag\/S%C3%A1bado?src=hash&amp;ref_src=twsrc%5Etfw\">#S\u00e1bado<\/a> Preparamos tu <a href=\"https:\/\/twitter.com\/hashtag\/FelizDomingo?src=hash&amp;ref_src=twsrc%5Etfw\">#FelizDomingo<\/a> con el <a href=\"https:\/\/twitter.com\/hashtag\/Peri%C3%B3dico?src=hash&amp;ref_src=twsrc%5Etfw\">#Peri\u00f3dico<\/a> del <a href=\"https:\/\/twitter.com\/hashtag\/Desmantelamiento?src=hash&amp;ref_src=twsrc%5Etfw\">#Desmantelamiento<\/a> de la <a href=\"https:\/\/twitter.com\/hashtag\/Funci%C3%B3nP%C3%BAblica?src=hash&amp;ref_src=twsrc%5Etfw\">#Funci\u00f3nP\u00fablica<\/a> y <a href=\"https:\/\/twitter.com\/hashtag\/Precariedad?src=hash&amp;ref_src=twsrc%5Etfw\">#Precariedad<\/a> en el <a href=\"https:\/\/twitter.com\/hashtag\/Trabajo?src=hash&amp;ref_src=twsrc%5Etfw\">#Trabajo<\/a> <a href=\"https:\/\/twitter.com\/hashtag\/P%C3%BAblico?src=hash&amp;ref_src=twsrc%5Etfw\">#P\u00fablico<\/a> . \ud83c\uddea\ud83c\uddfa \u00bfEn <a href=\"https:\/\/twitter.com\/hashtag\/Europa?src=hash&amp;ref_src=twsrc%5Etfw\">#Europa<\/a>? En <a href=\"https:\/\/twitter.com\/hashtag\/Espa%C3%B1a?src=hash&amp;ref_src=twsrc%5Etfw\">#Espa\u00f1a<\/a> <a href=\"https:\/\/twitter.com\/hashtag\/Interino?src=hash&amp;ref_src=twsrc%5Etfw\">#Interino<\/a> o <a href=\"https:\/\/twitter.com\/hashtag\/Laboral?src=hash&amp;ref_src=twsrc%5Etfw\">#Laboral<\/a> da igual.\u2026 <a href=\"https:\/\/t.co\/ZR0dhMl62i\">pic.twitter.com\/ZR0dhMl62i<\/a><\/p>\n<p>&mdash; EPA &#8211; Empleados P\u00fablicos en Abuso (@AsociacionEPA) <a href=\"https:\/\/twitter.com\/AsociacionEPA\/status\/1746155673702789176?ref_src=twsrc%5Etfw\">January 13, 2024<\/a><\/p><\/blockquote>\n<p><script async src=\"https:\/\/platform.twitter.com\/widgets.js\" charset=\"utf-8\"><\/script><\/p>\n","protected":false},"excerpt":{"rendered":"<p>\ud83d\udcaf #FijezaYa #Noticias 1 \ud83d\udcaf\ud83d\udd25#Peri\u00f3dicoTwitter 62 \ud83d\udd25 #EU2024BE #Temporalidad Hoy #S\u00e1bado Preparamos tu #FelizDomingo con el #Peri\u00f3dico del #Desmantelamiento de la #Funci\u00f3nP\u00fablica y #Precariedad en el #Trabajo #P\u00fablico . \ud83c\uddea\ud83c\uddfa \u00bfEn #Europa? En #Espa\u00f1a #Interino o #Laboral da igual.\u2026 pic.twitter.com\/ZR0dhMl62i &mdash; EPA &#8211; Empleados P\u00fablicos en Abuso (@AsociacionEPA) January 13, 2024<\/p>\n","protected":false},"author":119,"featured_media":0,"comment_status":"open","ping_status":"open","sticky":false,"template":"","format":"standard","meta":{"footnotes":""},"categories":[1],"tags":[],"acf":[],"_links":{"self":[{"href":"https:\/\/empleadospublicosenabuso.org\/index.php\/wp-json\/wp\/v2\/posts\/1158"}],"collection":[{"href":"https:\/\/empleadospublicosenabuso.org\/index.php\/wp-json\/wp\/v2\/posts"}],"about":[{"href":"https:\/\/empleadospublicosenabuso.org\/index.php\/wp-json\/wp\/v2\/types\/post"}],"author":[{"embeddable":true,"href":"https:\/\/empleadospublicosenabuso.org\/index.php\/wp-json\/wp\/v2\/users\/119"}],"replies":[{"embeddable":true,"href":"https:\/\/empleadospublicosenabuso.org\/index.php\/wp-json\/wp\/v2\/comments?post=1158"}],"version-history":[{"count":1,"href":"https:\/\/empleadospublicosenabuso.org\/index.php\/wp-json\/wp\/v2\/posts\/1158\/revisions"}],"predecessor-version":[{"id":1159,"href":"https:\/\/empleadospublicosenabuso.org\/index.php\/wp-json\/wp\/v2\/posts\/1158\/revisions\/1159"}],"wp:attachment":[{"href":"https:\/\/empleadospublicosenabuso.org\/index.php\/wp-json\/wp\/v2\/media?parent=1158"}],"wp:term":[{"taxonomy":"category","embeddable":true,"href":"https:\/\/empleadospublicosenabuso.org\/index.php\/wp-json\/wp\/v2\/categories?post=1158"},{"taxonomy":"post_tag","embeddable":true,"href":"https:\/\/empleadospublicosenabuso.org\/index.php\/wp-json\/wp\/v2\/tags?post=1158"}],"curies":[{"name":"wp","href":"https:\/\/api.w.org\/{rel}","templated":true}]}}