{"id":1152,"date":"2024-05-15T11:47:04","date_gmt":"2024-05-15T10:47:04","guid":{"rendered":"https:\/\/empleadospublicosenabuso.org\/?p=1152"},"modified":"2024-05-15T11:47:04","modified_gmt":"2024-05-15T10:47:04","slug":"10-01-2024-periodicotwitter-no-59","status":"publish","type":"post","link":"https:\/\/empleadospublicosenabuso.org\/index.php\/2024\/05\/15\/10-01-2024-periodicotwitter-no-59\/","title":{"rendered":"10\/01\/2024 &#8211; #Peri\u00f3dicoTwitter N\u00ba 59:"},"content":{"rendered":"<blockquote class=\"twitter-tweet\" data-width=\"550\" data-dnt=\"true\">\n<p lang=\"es\" dir=\"ltr\">\ud83d\udcaf <a href=\"https:\/\/twitter.com\/hashtag\/FijezaYa?src=hash&amp;ref_src=twsrc%5Etfw\">#FijezaYa<\/a> <a href=\"https:\/\/twitter.com\/hashtag\/Noticias?src=hash&amp;ref_src=twsrc%5Etfw\">#Noticias<\/a> 1 \ud83d\udcaf<br \/>\ud83d\udd25<a href=\"https:\/\/twitter.com\/hashtag\/Peri%C3%B3dicoTwitter?src=hash&amp;ref_src=twsrc%5Etfw\">#Peri\u00f3dicoTwitter<\/a> 59 \ud83d\udd25 <a href=\"https:\/\/twitter.com\/hashtag\/EU2023ES?src=hash&amp;ref_src=twsrc%5Etfw\">#EU2023ES<\/a> <a href=\"https:\/\/twitter.com\/hashtag\/EU2024BE?src=hash&amp;ref_src=twsrc%5Etfw\">#EU2024BE<\/a> <a href=\"https:\/\/twitter.com\/hashtag\/EU2024?src=hash&amp;ref_src=twsrc%5Etfw\">#EU2024<\/a> <a href=\"https:\/\/twitter.com\/hashtag\/Temporalidad?src=hash&amp;ref_src=twsrc%5Etfw\">#Temporalidad<\/a> Hoy <a href=\"https:\/\/twitter.com\/hashtag\/Mi%C3%A9rcoles?src=hash&amp;ref_src=twsrc%5Etfw\">#Mi\u00e9rcoles<\/a> Preparamos tu <a href=\"https:\/\/twitter.com\/hashtag\/FelizJueves?src=hash&amp;ref_src=twsrc%5Etfw\">#FelizJueves<\/a> con el <a href=\"https:\/\/twitter.com\/hashtag\/Peri%C3%B3dico?src=hash&amp;ref_src=twsrc%5Etfw\">#Peri\u00f3dico<\/a> de la Des <a href=\"https:\/\/twitter.com\/hashtag\/Estabilizaci%C3%B3n?src=hash&amp;ref_src=twsrc%5Etfw\">#Estabilizaci\u00f3n<\/a> y Des <a href=\"https:\/\/twitter.com\/hashtag\/Igualdad?src=hash&amp;ref_src=twsrc%5Etfw\">#Igualdad<\/a> \ud83c\uddea\ud83c\uddfa \u00bfEn <a href=\"https:\/\/twitter.com\/hashtag\/Europa?src=hash&amp;ref_src=twsrc%5Etfw\">#Europa<\/a>? <a href=\"https:\/\/twitter.com\/hashtag\/Interinos?src=hash&amp;ref_src=twsrc%5Etfw\">#Interinos<\/a> o <a href=\"https:\/\/twitter.com\/hashtag\/Laboral?src=hash&amp;ref_src=twsrc%5Etfw\">#Laboral<\/a> da igual. Todos son\u00a0<br \/>\ud83d\udea5 Trabajadores\u2026 <a href=\"https:\/\/t.co\/ZB17kA3dmP\">pic.twitter.com\/ZB17kA3dmP<\/a><\/p>\n<p>&mdash; EPA &#8211; Empleados P\u00fablicos en Abuso (@AsociacionEPA) <a href=\"https:\/\/twitter.com\/AsociacionEPA\/status\/1745139961748152637?ref_src=twsrc%5Etfw\">January 10, 2024<\/a><\/p><\/blockquote>\n<p><script async src=\"https:\/\/platform.twitter.com\/widgets.js\" charset=\"utf-8\"><\/script><\/p>\n","protected":false},"excerpt":{"rendered":"<p>\ud83d\udcaf #FijezaYa #Noticias 1 \ud83d\udcaf\ud83d\udd25#Peri\u00f3dicoTwitter 59 \ud83d\udd25 #EU2023ES #EU2024BE #EU2024 #Temporalidad Hoy #Mi\u00e9rcoles Preparamos tu #FelizJueves con el #Peri\u00f3dico de la Des #Estabilizaci\u00f3n y Des #Igualdad \ud83c\uddea\ud83c\uddfa \u00bfEn #Europa? #Interinos o #Laboral da igual. Todos son\u00a0\ud83d\udea5 Trabajadores\u2026 pic.twitter.com\/ZB17kA3dmP &mdash; EPA &#8211; Empleados P\u00fablicos en Abuso (@AsociacionEPA) January 10, 2024<\/p>\n","protected":false},"author":119,"featured_media":0,"comment_status":"open","ping_status":"open","sticky":false,"template":"","format":"standard","meta":{"footnotes":""},"categories":[1],"tags":[],"acf":[],"_links":{"self":[{"href":"https:\/\/empleadospublicosenabuso.org\/index.php\/wp-json\/wp\/v2\/posts\/1152"}],"collection":[{"href":"https:\/\/empleadospublicosenabuso.org\/index.php\/wp-json\/wp\/v2\/posts"}],"about":[{"href":"https:\/\/empleadospublicosenabuso.org\/index.php\/wp-json\/wp\/v2\/types\/post"}],"author":[{"embeddable":true,"href":"https:\/\/empleadospublicosenabuso.org\/index.php\/wp-json\/wp\/v2\/users\/119"}],"replies":[{"embeddable":true,"href":"https:\/\/empleadospublicosenabuso.org\/index.php\/wp-json\/wp\/v2\/comments?post=1152"}],"version-history":[{"count":1,"href":"https:\/\/empleadospublicosenabuso.org\/index.php\/wp-json\/wp\/v2\/posts\/1152\/revisions"}],"predecessor-version":[{"id":1153,"href":"https:\/\/empleadospublicosenabuso.org\/index.php\/wp-json\/wp\/v2\/posts\/1152\/revisions\/1153"}],"wp:attachment":[{"href":"https:\/\/empleadospublicosenabuso.org\/index.php\/wp-json\/wp\/v2\/media?parent=1152"}],"wp:term":[{"taxonomy":"category","embeddable":true,"href":"https:\/\/empleadospublicosenabuso.org\/index.php\/wp-json\/wp\/v2\/categories?post=1152"},{"taxonomy":"post_tag","embeddable":true,"href":"https:\/\/empleadospublicosenabuso.org\/index.php\/wp-json\/wp\/v2\/tags?post=1152"}],"curies":[{"name":"wp","href":"https:\/\/api.w.org\/{rel}","templated":true}]}}