{"id":1127,"date":"2024-05-15T11:36:30","date_gmt":"2024-05-15T10:36:30","guid":{"rendered":"https:\/\/empleadospublicosenabuso.org\/?p=1127"},"modified":"2024-05-15T11:36:30","modified_gmt":"2024-05-15T10:36:30","slug":"27-12-2023-periodicotwitter-no-47","status":"publish","type":"post","link":"https:\/\/empleadospublicosenabuso.org\/index.php\/2024\/05\/15\/27-12-2023-periodicotwitter-no-47\/","title":{"rendered":"27\/12\/2023 &#8211; #Peri\u00f3dicoTwitter N\u00ba 47:"},"content":{"rendered":"<blockquote class=\"twitter-tweet\" data-width=\"550\" data-dnt=\"true\">\n<p lang=\"es\" dir=\"ltr\">\ud83d\udcaf <a href=\"https:\/\/twitter.com\/hashtag\/FijezaYa?src=hash&amp;ref_src=twsrc%5Etfw\">#FijezaYa<\/a> <a href=\"https:\/\/twitter.com\/hashtag\/Noticias?src=hash&amp;ref_src=twsrc%5Etfw\">#Noticias<\/a> 1 \ud83d\udcaf<br \/>\ud83d\udd25<a href=\"https:\/\/twitter.com\/hashtag\/Peri%C3%B3dicoTwitter?src=hash&amp;ref_src=twsrc%5Etfw\">#Peri\u00f3dicoTwitter<\/a> 47 \ud83d\udd25 <a href=\"https:\/\/twitter.com\/hashtag\/EU2023ES?src=hash&amp;ref_src=twsrc%5Etfw\">#EU2023ES<\/a> <a href=\"https:\/\/twitter.com\/hashtag\/Temporalidad?src=hash&amp;ref_src=twsrc%5Etfw\">#Temporalidad<\/a> <a href=\"https:\/\/twitter.com\/hashtag\/FelizMartes?src=hash&amp;ref_src=twsrc%5Etfw\">#FelizMartes<\/a> T\u00fa <a href=\"https:\/\/twitter.com\/hashtag\/Peri%C3%B3dico?src=hash&amp;ref_src=twsrc%5Etfw\">#Peri\u00f3dico<\/a> de la<br \/>Des <a href=\"https:\/\/twitter.com\/hashtag\/Igualdad?src=hash&amp;ref_src=twsrc%5Etfw\">#Igualdad<\/a> Des <a href=\"https:\/\/twitter.com\/hashtag\/Informaci%C3%B3n?src=hash&amp;ref_src=twsrc%5Etfw\">#Informaci\u00f3n<\/a> en <a href=\"https:\/\/twitter.com\/hashtag\/Espa%C3%B1a?src=hash&amp;ref_src=twsrc%5Etfw\">#Espa\u00f1a<\/a>. <a href=\"https:\/\/twitter.com\/hashtag\/Interino?src=hash&amp;ref_src=twsrc%5Etfw\">#Interino<\/a> o <a href=\"https:\/\/twitter.com\/hashtag\/Laboral?src=hash&amp;ref_src=twsrc%5Etfw\">#Laboral<\/a> da igual. En <a href=\"https:\/\/twitter.com\/hashtag\/Europa?src=hash&amp;ref_src=twsrc%5Etfw\">#Europa<\/a> todos son \ud83d\udea5 Trabajadores P\u00fablicos en Abuso \ud83d\udea5.<\/p>\n<p>&#8211; \ud83d\udd25 Recopilaci\u00f3n de 83 noticias de\u2026 <a href=\"https:\/\/t.co\/blhmi1iR8U\">pic.twitter.com\/blhmi1iR8U<\/a><\/p>\n<p>&mdash; EPA &#8211; Empleados P\u00fablicos en Abuso (@AsociacionEPA) <a href=\"https:\/\/twitter.com\/AsociacionEPA\/status\/1740096422844743804?ref_src=twsrc%5Etfw\">December 27, 2023<\/a><\/p><\/blockquote>\n<p><script async src=\"https:\/\/platform.twitter.com\/widgets.js\" charset=\"utf-8\"><\/script><\/p>\n","protected":false},"excerpt":{"rendered":"<p>\ud83d\udcaf #FijezaYa #Noticias 1 \ud83d\udcaf\ud83d\udd25#Peri\u00f3dicoTwitter 47 \ud83d\udd25 #EU2023ES #Temporalidad #FelizMartes T\u00fa #Peri\u00f3dico de laDes #Igualdad Des #Informaci\u00f3n en #Espa\u00f1a. #Interino o #Laboral da igual. En #Europa todos son \ud83d\udea5 Trabajadores P\u00fablicos en Abuso \ud83d\udea5. &#8211; \ud83d\udd25 Recopilaci\u00f3n de 83 noticias de\u2026 pic.twitter.com\/blhmi1iR8U &mdash; EPA &#8211; Empleados P\u00fablicos en Abuso (@AsociacionEPA) December 27, 2023<\/p>\n","protected":false},"author":119,"featured_media":0,"comment_status":"open","ping_status":"open","sticky":false,"template":"","format":"standard","meta":{"footnotes":""},"categories":[1],"tags":[],"acf":[],"_links":{"self":[{"href":"https:\/\/empleadospublicosenabuso.org\/index.php\/wp-json\/wp\/v2\/posts\/1127"}],"collection":[{"href":"https:\/\/empleadospublicosenabuso.org\/index.php\/wp-json\/wp\/v2\/posts"}],"about":[{"href":"https:\/\/empleadospublicosenabuso.org\/index.php\/wp-json\/wp\/v2\/types\/post"}],"author":[{"embeddable":true,"href":"https:\/\/empleadospublicosenabuso.org\/index.php\/wp-json\/wp\/v2\/users\/119"}],"replies":[{"embeddable":true,"href":"https:\/\/empleadospublicosenabuso.org\/index.php\/wp-json\/wp\/v2\/comments?post=1127"}],"version-history":[{"count":1,"href":"https:\/\/empleadospublicosenabuso.org\/index.php\/wp-json\/wp\/v2\/posts\/1127\/revisions"}],"predecessor-version":[{"id":1128,"href":"https:\/\/empleadospublicosenabuso.org\/index.php\/wp-json\/wp\/v2\/posts\/1127\/revisions\/1128"}],"wp:attachment":[{"href":"https:\/\/empleadospublicosenabuso.org\/index.php\/wp-json\/wp\/v2\/media?parent=1127"}],"wp:term":[{"taxonomy":"category","embeddable":true,"href":"https:\/\/empleadospublicosenabuso.org\/index.php\/wp-json\/wp\/v2\/categories?post=1127"},{"taxonomy":"post_tag","embeddable":true,"href":"https:\/\/empleadospublicosenabuso.org\/index.php\/wp-json\/wp\/v2\/tags?post=1127"}],"curies":[{"name":"wp","href":"https:\/\/api.w.org\/{rel}","templated":true}]}}