{"id":1109,"date":"2024-05-15T11:25:13","date_gmt":"2024-05-15T10:25:13","guid":{"rendered":"https:\/\/empleadospublicosenabuso.org\/?p=1109"},"modified":"2024-05-15T11:25:13","modified_gmt":"2024-05-15T10:25:13","slug":"19-12-2023-periodicotwitter-no-39","status":"publish","type":"post","link":"https:\/\/empleadospublicosenabuso.org\/index.php\/2024\/05\/15\/19-12-2023-periodicotwitter-no-39\/","title":{"rendered":"19\/12\/2023 &#8211; #Peri\u00f3dicoTwitter N\u00ba 39:"},"content":{"rendered":"<blockquote class=\"twitter-tweet\" data-width=\"550\" data-dnt=\"true\">\n<p lang=\"es\" dir=\"ltr\">\ud83d\udcaf <a href=\"https:\/\/twitter.com\/hashtag\/FijezaYa?src=hash&amp;ref_src=twsrc%5Etfw\">#FijezaYa<\/a> <a href=\"https:\/\/twitter.com\/hashtag\/Noticias?src=hash&amp;ref_src=twsrc%5Etfw\">#Noticias<\/a> 1 \ud83d\udcaf<br \/>\ud83d\udd25<a href=\"https:\/\/twitter.com\/hashtag\/Peri%C3%B3dicoTwitter?src=hash&amp;ref_src=twsrc%5Etfw\">#Peri\u00f3dicoTwitter<\/a> 39 \ud83d\udd25 <a href=\"https:\/\/twitter.com\/hashtag\/EU2023ES?src=hash&amp;ref_src=twsrc%5Etfw\">#EU2023ES<\/a> <a href=\"https:\/\/twitter.com\/hashtag\/Huelga?src=hash&amp;ref_src=twsrc%5Etfw\">#Huelga<\/a> en <a href=\"https:\/\/twitter.com\/hashtag\/SectorP%C3%BAblico?src=hash&amp;ref_src=twsrc%5Etfw\">#SectorP\u00fablico<\/a> <a href=\"https:\/\/twitter.com\/hashtag\/FelizMartes?src=hash&amp;ref_src=twsrc%5Etfw\">#FelizMartes<\/a> T\u00fa <a href=\"https:\/\/twitter.com\/hashtag\/Peri%C3%B3dico?src=hash&amp;ref_src=twsrc%5Etfw\">#Peri\u00f3dico<\/a> de la <a href=\"https:\/\/twitter.com\/hashtag\/Estabilizaci%C3%B3n?src=hash&amp;ref_src=twsrc%5Etfw\">#Estabilizaci\u00f3n<\/a>.<br \/>\ud83d\udea5 Hoy salimos con \ud83d\udd25 61 <a href=\"https:\/\/twitter.com\/hashtag\/Noticias?src=hash&amp;ref_src=twsrc%5Etfw\">#Noticias<\/a> en <a href=\"https:\/\/twitter.com\/hashtag\/Espa%C3%B1a?src=hash&amp;ref_src=twsrc%5Etfw\">#Espa\u00f1a<\/a>. <a href=\"https:\/\/twitter.com\/hashtag\/Interinos?src=hash&amp;ref_src=twsrc%5Etfw\">#Interinos<\/a> o <a href=\"https:\/\/twitter.com\/hashtag\/Laboral?src=hash&amp;ref_src=twsrc%5Etfw\">#Laboral<\/a> da igual. En <a href=\"https:\/\/twitter.com\/hashtag\/Europa?src=hash&amp;ref_src=twsrc%5Etfw\">#Europa<\/a> todos son <br \/>\ud83d\udea5 Trabajadores P\u00fablicos en Abuso \ud83d\udea5<\/p>\n<p>-\u2026 <a href=\"https:\/\/t.co\/iBCKMmPp1N\">pic.twitter.com\/iBCKMmPp1N<\/a><\/p>\n<p>&mdash; EPA &#8211; Empleados P\u00fablicos en Abuso (@AsociacionEPA) <a href=\"https:\/\/twitter.com\/AsociacionEPA\/status\/1736933151983726857?ref_src=twsrc%5Etfw\">December 19, 2023<\/a><\/p><\/blockquote>\n<p><script async src=\"https:\/\/platform.twitter.com\/widgets.js\" charset=\"utf-8\"><\/script><\/p>\n","protected":false},"excerpt":{"rendered":"<p>\ud83d\udcaf #FijezaYa #Noticias 1 \ud83d\udcaf\ud83d\udd25#Peri\u00f3dicoTwitter 39 \ud83d\udd25 #EU2023ES #Huelga en #SectorP\u00fablico #FelizMartes T\u00fa #Peri\u00f3dico de la #Estabilizaci\u00f3n.\ud83d\udea5 Hoy salimos con \ud83d\udd25 61 #Noticias en #Espa\u00f1a. #Interinos o #Laboral da igual. En #Europa todos son \ud83d\udea5 Trabajadores P\u00fablicos en Abuso \ud83d\udea5 -\u2026 pic.twitter.com\/iBCKMmPp1N &mdash; EPA &#8211; Empleados P\u00fablicos en Abuso (@AsociacionEPA) December 19, 2023<\/p>\n","protected":false},"author":119,"featured_media":0,"comment_status":"open","ping_status":"open","sticky":false,"template":"","format":"standard","meta":{"footnotes":""},"categories":[1],"tags":[],"acf":[],"_links":{"self":[{"href":"https:\/\/empleadospublicosenabuso.org\/index.php\/wp-json\/wp\/v2\/posts\/1109"}],"collection":[{"href":"https:\/\/empleadospublicosenabuso.org\/index.php\/wp-json\/wp\/v2\/posts"}],"about":[{"href":"https:\/\/empleadospublicosenabuso.org\/index.php\/wp-json\/wp\/v2\/types\/post"}],"author":[{"embeddable":true,"href":"https:\/\/empleadospublicosenabuso.org\/index.php\/wp-json\/wp\/v2\/users\/119"}],"replies":[{"embeddable":true,"href":"https:\/\/empleadospublicosenabuso.org\/index.php\/wp-json\/wp\/v2\/comments?post=1109"}],"version-history":[{"count":1,"href":"https:\/\/empleadospublicosenabuso.org\/index.php\/wp-json\/wp\/v2\/posts\/1109\/revisions"}],"predecessor-version":[{"id":1110,"href":"https:\/\/empleadospublicosenabuso.org\/index.php\/wp-json\/wp\/v2\/posts\/1109\/revisions\/1110"}],"wp:attachment":[{"href":"https:\/\/empleadospublicosenabuso.org\/index.php\/wp-json\/wp\/v2\/media?parent=1109"}],"wp:term":[{"taxonomy":"category","embeddable":true,"href":"https:\/\/empleadospublicosenabuso.org\/index.php\/wp-json\/wp\/v2\/categories?post=1109"},{"taxonomy":"post_tag","embeddable":true,"href":"https:\/\/empleadospublicosenabuso.org\/index.php\/wp-json\/wp\/v2\/tags?post=1109"}],"curies":[{"name":"wp","href":"https:\/\/api.w.org\/{rel}","templated":true}]}}