{"id":1099,"date":"2024-05-15T11:19:42","date_gmt":"2024-05-15T10:19:42","guid":{"rendered":"https:\/\/empleadospublicosenabuso.org\/?p=1099"},"modified":"2024-05-15T11:19:42","modified_gmt":"2024-05-15T10:19:42","slug":"14-12-2023-periodicotwitter-no-34","status":"publish","type":"post","link":"https:\/\/empleadospublicosenabuso.org\/index.php\/2024\/05\/15\/14-12-2023-periodicotwitter-no-34\/","title":{"rendered":"14\/12\/2023 &#8211; #Peri\u00f3dicoTwitter N\u00ba 34:"},"content":{"rendered":"<blockquote class=\"twitter-tweet\" data-width=\"550\" data-dnt=\"true\">\n<p lang=\"es\" dir=\"ltr\">\ud83d\udcaf <a href=\"https:\/\/twitter.com\/hashtag\/FijezaYa?src=hash&amp;ref_src=twsrc%5Etfw\">#FijezaYa<\/a> <a href=\"https:\/\/twitter.com\/hashtag\/Noticias?src=hash&amp;ref_src=twsrc%5Etfw\">#Noticias<\/a> 1 \ud83d\udcaf<br \/>\ud83d\udd25<a href=\"https:\/\/twitter.com\/hashtag\/Peri%C3%B3dicoTwitter?src=hash&amp;ref_src=twsrc%5Etfw\">#Peri\u00f3dicoTwitter<\/a> 34 \ud83d\udd25 <a href=\"https:\/\/twitter.com\/hashtag\/EU2023ES?src=hash&amp;ref_src=twsrc%5Etfw\">#EU2023ES<\/a> <a href=\"https:\/\/twitter.com\/hashtag\/Temporalidad?src=hash&amp;ref_src=twsrc%5Etfw\">#Temporalidad<\/a> <a href=\"https:\/\/twitter.com\/hashtag\/FelizJueves?src=hash&amp;ref_src=twsrc%5Etfw\">#FelizJueves<\/a> T\u00fa <a href=\"https:\/\/twitter.com\/hashtag\/Peri%C3%B3dico?src=hash&amp;ref_src=twsrc%5Etfw\">#Peri\u00f3dico<\/a> de la<br \/>Des <a href=\"https:\/\/twitter.com\/hashtag\/Igualdad?src=hash&amp;ref_src=twsrc%5Etfw\">#Igualdad<\/a> Des <a href=\"https:\/\/twitter.com\/hashtag\/Informaci%C3%B3n?src=hash&amp;ref_src=twsrc%5Etfw\">#Informaci\u00f3n<\/a> en <a href=\"https:\/\/twitter.com\/hashtag\/Espa%C3%B1a?src=hash&amp;ref_src=twsrc%5Etfw\">#Espa\u00f1a<\/a>. <a href=\"https:\/\/twitter.com\/hashtag\/Interinos?src=hash&amp;ref_src=twsrc%5Etfw\">#Interinos<\/a> o <a href=\"https:\/\/twitter.com\/hashtag\/Laborales?src=hash&amp;ref_src=twsrc%5Etfw\">#Laborales<\/a>. <br \/>En <a href=\"https:\/\/twitter.com\/hashtag\/Europa?src=hash&amp;ref_src=twsrc%5Etfw\">#Europa<\/a> todos son <br \/>\ud83d\udea5 Trabajadores P\u00fablicos en Abuso \ud83d\udea5<\/p>\n<p>&#8211; \ud83d\udd25 Recopilaci\u00f3n de noticias de\u2026 <a href=\"https:\/\/t.co\/CVTuiDw8mp\">pic.twitter.com\/CVTuiDw8mp<\/a><\/p>\n<p>&mdash; EPA &#8211; Empleados P\u00fablicos en Abuso (@AsociacionEPA) <a href=\"https:\/\/twitter.com\/AsociacionEPA\/status\/1735283985347977312?ref_src=twsrc%5Etfw\">December 14, 2023<\/a><\/p><\/blockquote>\n<p><script async src=\"https:\/\/platform.twitter.com\/widgets.js\" charset=\"utf-8\"><\/script><\/p>\n","protected":false},"excerpt":{"rendered":"<p>\ud83d\udcaf #FijezaYa #Noticias 1 \ud83d\udcaf\ud83d\udd25#Peri\u00f3dicoTwitter 34 \ud83d\udd25 #EU2023ES #Temporalidad #FelizJueves T\u00fa #Peri\u00f3dico de laDes #Igualdad Des #Informaci\u00f3n en #Espa\u00f1a. #Interinos o #Laborales. En #Europa todos son \ud83d\udea5 Trabajadores P\u00fablicos en Abuso \ud83d\udea5 &#8211; \ud83d\udd25 Recopilaci\u00f3n de noticias de\u2026 pic.twitter.com\/CVTuiDw8mp &mdash; EPA &#8211; Empleados P\u00fablicos en Abuso (@AsociacionEPA) December 14, 2023<\/p>\n","protected":false},"author":119,"featured_media":0,"comment_status":"open","ping_status":"open","sticky":false,"template":"","format":"standard","meta":{"footnotes":""},"categories":[1],"tags":[],"acf":[],"_links":{"self":[{"href":"https:\/\/empleadospublicosenabuso.org\/index.php\/wp-json\/wp\/v2\/posts\/1099"}],"collection":[{"href":"https:\/\/empleadospublicosenabuso.org\/index.php\/wp-json\/wp\/v2\/posts"}],"about":[{"href":"https:\/\/empleadospublicosenabuso.org\/index.php\/wp-json\/wp\/v2\/types\/post"}],"author":[{"embeddable":true,"href":"https:\/\/empleadospublicosenabuso.org\/index.php\/wp-json\/wp\/v2\/users\/119"}],"replies":[{"embeddable":true,"href":"https:\/\/empleadospublicosenabuso.org\/index.php\/wp-json\/wp\/v2\/comments?post=1099"}],"version-history":[{"count":1,"href":"https:\/\/empleadospublicosenabuso.org\/index.php\/wp-json\/wp\/v2\/posts\/1099\/revisions"}],"predecessor-version":[{"id":1100,"href":"https:\/\/empleadospublicosenabuso.org\/index.php\/wp-json\/wp\/v2\/posts\/1099\/revisions\/1100"}],"wp:attachment":[{"href":"https:\/\/empleadospublicosenabuso.org\/index.php\/wp-json\/wp\/v2\/media?parent=1099"}],"wp:term":[{"taxonomy":"category","embeddable":true,"href":"https:\/\/empleadospublicosenabuso.org\/index.php\/wp-json\/wp\/v2\/categories?post=1099"},{"taxonomy":"post_tag","embeddable":true,"href":"https:\/\/empleadospublicosenabuso.org\/index.php\/wp-json\/wp\/v2\/tags?post=1099"}],"curies":[{"name":"wp","href":"https:\/\/api.w.org\/{rel}","templated":true}]}}