{"id":1088,"date":"2024-05-15T11:13:35","date_gmt":"2024-05-15T10:13:35","guid":{"rendered":"https:\/\/empleadospublicosenabuso.org\/?p=1088"},"modified":"2024-05-15T11:13:54","modified_gmt":"2024-05-15T10:13:54","slug":"09-12-2023-periodicotwitter-29","status":"publish","type":"post","link":"https:\/\/empleadospublicosenabuso.org\/index.php\/2024\/05\/15\/09-12-2023-periodicotwitter-29\/","title":{"rendered":"09\/12\/2023 &#8211; #Peri\u00f3dicoTwitter N\u00ba 29:"},"content":{"rendered":"<blockquote class=\"twitter-tweet\" data-width=\"550\" data-dnt=\"true\">\n<p lang=\"es\" dir=\"ltr\">\ud83d\udcaf <a href=\"https:\/\/twitter.com\/hashtag\/FijezaYa?src=hash&amp;ref_src=twsrc%5Etfw\">#FijezaYa<\/a> <a href=\"https:\/\/twitter.com\/hashtag\/Noticias?src=hash&amp;ref_src=twsrc%5Etfw\">#Noticias<\/a> 1 \ud83d\udcaf<br \/>\ud83d\udd25<a href=\"https:\/\/twitter.com\/hashtag\/Peri%C3%B3dicoTwitter?src=hash&amp;ref_src=twsrc%5Etfw\">#Peri\u00f3dicoTwitter<\/a> 29 \ud83d\udd25 <a href=\"https:\/\/twitter.com\/hashtag\/EU2023ES?src=hash&amp;ref_src=twsrc%5Etfw\">#EU2023ES<\/a> <a href=\"https:\/\/twitter.com\/hashtag\/Temporalidad?src=hash&amp;ref_src=twsrc%5Etfw\">#Temporalidad<\/a> <a href=\"https:\/\/twitter.com\/hashtag\/FelizS%C3%A1bado?src=hash&amp;ref_src=twsrc%5Etfw\">#FelizS\u00e1bado<\/a> El <a href=\"https:\/\/twitter.com\/hashtag\/Peri%C3%B3dico?src=hash&amp;ref_src=twsrc%5Etfw\">#Peri\u00f3dico<\/a> de la<br \/>Des <a href=\"https:\/\/twitter.com\/hashtag\/Igualdad?src=hash&amp;ref_src=twsrc%5Etfw\">#Igualdad<\/a> Des <a href=\"https:\/\/twitter.com\/hashtag\/Informaci%C3%B3n?src=hash&amp;ref_src=twsrc%5Etfw\">#Informaci\u00f3n<\/a><br \/>\ud83d\udc49 <a href=\"https:\/\/twitter.com\/hashtag\/Interinos?src=hash&amp;ref_src=twsrc%5Etfw\">#Interinos<\/a> y <a href=\"https:\/\/twitter.com\/hashtag\/Laborales?src=hash&amp;ref_src=twsrc%5Etfw\">#Laborales<\/a> \ud83d\udc48<br \/>\ud83d\udea5 Trabajadores P\u00fablicos en Abuso \ud83d\udea5<br \/>&#8211; \ud83d\udd25 Recopilaci\u00f3n de noticias de <a href=\"https:\/\/twitter.com\/hashtag\/%C3%9AltimaHora?src=hash&amp;ref_src=twsrc%5Etfw\">#\u00daltimaHora<\/a>:<\/p>\n<p>&#8211; \ud83d\udcaa Intentaremos\u2026 <a href=\"https:\/\/t.co\/GNTXWT9LP6\">pic.twitter.com\/GNTXWT9LP6<\/a><\/p>\n<p>&mdash; EPA &#8211; Empleados P\u00fablicos en Abuso (@AsociacionEPA) <a href=\"https:\/\/twitter.com\/AsociacionEPA\/status\/1733474478284312719?ref_src=twsrc%5Etfw\">December 9, 2023<\/a><\/p><\/blockquote>\n<p><script async src=\"https:\/\/platform.twitter.com\/widgets.js\" charset=\"utf-8\"><\/script><\/p>\n","protected":false},"excerpt":{"rendered":"<p>\ud83d\udcaf #FijezaYa #Noticias 1 \ud83d\udcaf\ud83d\udd25#Peri\u00f3dicoTwitter 29 \ud83d\udd25 #EU2023ES #Temporalidad #FelizS\u00e1bado El #Peri\u00f3dico de laDes #Igualdad Des #Informaci\u00f3n\ud83d\udc49 #Interinos y #Laborales \ud83d\udc48\ud83d\udea5 Trabajadores P\u00fablicos en Abuso \ud83d\udea5&#8211; \ud83d\udd25 Recopilaci\u00f3n de noticias de #\u00daltimaHora: &#8211; \ud83d\udcaa Intentaremos\u2026 pic.twitter.com\/GNTXWT9LP6 &mdash; EPA &#8211; Empleados P\u00fablicos en Abuso (@AsociacionEPA) December 9, 2023<\/p>\n","protected":false},"author":119,"featured_media":0,"comment_status":"open","ping_status":"open","sticky":false,"template":"","format":"standard","meta":{"footnotes":""},"categories":[1],"tags":[],"acf":[],"_links":{"self":[{"href":"https:\/\/empleadospublicosenabuso.org\/index.php\/wp-json\/wp\/v2\/posts\/1088"}],"collection":[{"href":"https:\/\/empleadospublicosenabuso.org\/index.php\/wp-json\/wp\/v2\/posts"}],"about":[{"href":"https:\/\/empleadospublicosenabuso.org\/index.php\/wp-json\/wp\/v2\/types\/post"}],"author":[{"embeddable":true,"href":"https:\/\/empleadospublicosenabuso.org\/index.php\/wp-json\/wp\/v2\/users\/119"}],"replies":[{"embeddable":true,"href":"https:\/\/empleadospublicosenabuso.org\/index.php\/wp-json\/wp\/v2\/comments?post=1088"}],"version-history":[{"count":2,"href":"https:\/\/empleadospublicosenabuso.org\/index.php\/wp-json\/wp\/v2\/posts\/1088\/revisions"}],"predecessor-version":[{"id":1090,"href":"https:\/\/empleadospublicosenabuso.org\/index.php\/wp-json\/wp\/v2\/posts\/1088\/revisions\/1090"}],"wp:attachment":[{"href":"https:\/\/empleadospublicosenabuso.org\/index.php\/wp-json\/wp\/v2\/media?parent=1088"}],"wp:term":[{"taxonomy":"category","embeddable":true,"href":"https:\/\/empleadospublicosenabuso.org\/index.php\/wp-json\/wp\/v2\/categories?post=1088"},{"taxonomy":"post_tag","embeddable":true,"href":"https:\/\/empleadospublicosenabuso.org\/index.php\/wp-json\/wp\/v2\/tags?post=1088"}],"curies":[{"name":"wp","href":"https:\/\/api.w.org\/{rel}","templated":true}]}}